{"id":32693,"date":"2023-06-27T00:17:26","date_gmt":"2023-06-26T22:17:26","guid":{"rendered":"https:\/\/dari.shop\/geschichte-der-modehaeuser-givenchy\/"},"modified":"2024-06-13T21:36:30","modified_gmt":"2024-06-13T19:36:30","slug":"geschichte-der-modehaeuser-givenchy","status":"publish","type":"post","link":"https:\/\/dari.shop\/de\/geschichte-der-modehaeuser-givenchy\/","title":{"rendered":"Geschichte der Modeh\u00e4user: Givenchy"},"content":{"rendered":"\n<p>Haben Sie sich jemals gefragt, welche Magie hinter den Kulissen ber\u00fchmter Modeh\u00e4user steckt? Wie sieht es mit der Geschichte ihres Aufstiegs aus? Wenn ja, dann begleiten Sie uns auf dieser spannenden Reise durch die bemerkenswerte Geschichte des Modehauses Givenchy, das die Welt der Haute Couture nachhaltig gepr\u00e4gt hat.<\/p>\n\n<p><strong>Givenchy &#8211; ein kurzer \u00dcberblick<\/strong><\/p>\n\n<p>Das Modehaus Givenchy wurde 1952 vom legend\u00e4ren franz\u00f6sischen Designer Hubert de Givenchy gegr\u00fcndet und wurde sofort f\u00fcr seine einzigartige Kombination aus franz\u00f6sischer Eleganz und Innovation bekannt. Und wissen Sie, was das Beste daran ist? Der Einfluss von Givenchy hat im Laufe der Jahrzehnte nicht nachgelassen. Sie hinterl\u00e4sst weiterhin ihre Spuren in der globalen Modeszene.<\/p>\n\n<p><strong>Hubert de Givenchy &#8211; Herkunft<\/strong><\/p>\n\n<p>Um die Marke Givenchy wirklich zu sch\u00e4tzen, muss man den Mann verstehen, der ihr Leben eingehaucht hat. Hubert de Givenchy wurde in eine aristokratische Familie in Beauvais, Frankreich, hineingeboren und hatte von klein auf eine Neigung zu Kunst und Design. Aber wer h\u00e4tte gedacht, dass sich diese Leidenschaft zu einem revolution\u00e4ren Modehaus entwickeln w\u00fcrde, das von Millionen bewundert und verfolgt wird?<\/p>\n\n<figure class=\"wp-block-image size-full is-resized\"><img decoding=\"async\" src=\"https:\/\/dari.shop\/wp-content\/uploads\/2023\/06\/hubert-de-givenchy.webp\" alt=\"\" class=\"wp-image-12954\" width=\"842\" height=\"505\"\/><\/figure>\n\n<p><strong>Der Beginn des Verkaufs und des Aufstiegs von Givenchy<\/strong><\/p>\n\n<p>Als Hubert de Givenchy sein Modehaus in Paris er\u00f6ffnete, war er erst 25 Jahre alt &#8211; ein junger Tr\u00e4umer mit gro\u00dfen Ideen. Die Modewelt war \u00fcberrascht von der Frische und Originalit\u00e4t, die Givenchy in die Modeszene brachte. Mit seiner ersten Kollektion f\u00fchrte er das Konzept der &#8222;Separates&#8220; ein, d. h. der kombinierbaren Teile, die den Frauen eine gr\u00f6\u00dfere Freiheit bei der Wahl ihrer Mode erm\u00f6glichen. Erinnern Sie sich an Audrey Hepburns ikonischen Look in Breakfast at Tiffany&#8217;s? Das ist das Design von Givenchy!<\/p>\n\n<p><strong>Givenchy eine Ber\u00fchmtheit<\/strong><\/p>\n\n<p>Die Freundschaft von Hubert de Givenchy mit Ber\u00fchmtheiten wie Audrey Hepburn, Grace Kelly und Jackie Kennedy trug nur zum Ruhm des Modehauses bei. Diese ber\u00fchmten Damen schm\u00fcckten oft seine Kreationen, was zu einem Anstieg der Popularit\u00e4t der Marke Givenchy weltweit f\u00fchrte. Und ja, sie war nicht auf eine bestimmte Zeit oder einen bestimmten Ort beschr\u00e4nkt. Von Filmpremieren bis hin zu k\u00f6niglichen Versammlungen &#8211; die Entw\u00fcrfe von Givenchy sind \u00fcberall zu sehen.<\/p>\n\n<p><strong>\u00dcbergang und Weiterf\u00fchrung des Verm\u00e4chtnisses<\/strong><\/p>\n\n<p>Nachdem Hubert de Givenchy 1995 in den Ruhestand ging, \u00fcbergab er den Staffelstab an mehrere prominente Designer, darunter John Galliano, Alexander McQueen, Julien MacDonald, Riccardo Tisci und Clare Waight Keller, die erste Frau an der Spitze eines Modehauses. Jeder von ihnen hat dazu beigetragen, den Kultstatus von Givenchy aufrechtzuerhalten und seine globale Reichweite zu vergr\u00f6\u00dfern.<\/p>\n\n<p>Bei einem Streifzug durch die bemerkenswerte Geschichte von Givenchy wird deutlich, dass das Unternehmen mehr ist als nur ein Modehaus. Sie ist ein Zeugnis f\u00fcr den unverg\u00e4nglichen Charme franz\u00f6sischer Eleganz und Innovation, ein Erbe, das weiterhin globale Modetrends pr\u00e4gt und inspiriert. Die Geschichte von Givenchy ist nicht nur eine faszinierende Erz\u00e4hlung \u00fcber den Aufstieg des Modehauses. Er ist ein Symbol f\u00fcr zeitlose Eleganz und eine ungebrochene Faszination f\u00fcr die Hautevolee.<\/p>\n","protected":false},"excerpt":{"rendered":"<p>Haben Sie sich jemals gefragt, welche Magie hinter den Kulissen ber\u00fchmter Modeh\u00e4user steckt? Wie sieht es mit der Geschichte ihres Aufstiegs aus? Wenn ja, dann begleiten Sie uns auf dieser spannenden Reise durch die bemerkenswerte Geschichte des Modehauses Givenchy.<\/p>\n","protected":false},"author":1,"featured_media":0,"comment_status":"open","ping_status":"closed","sticky":false,"template":"","format":"standard","meta":{"footnotes":""},"categories":[4664],"tags":[],"class_list":["post-32693","post","type-post","status-publish","format-standard","hentry","category-tipps-zum-einkaufen"],"yoast_head":"<!-- This site is optimized with the Yoast SEO Premium plugin v22.7 (Yoast SEO v27.4) - https:\/\/yoast.com\/product\/yoast-seo-premium-wordpress\/ -->\n<title>Geschichte der Modeh\u00e4user: Givenchy &#8902; DARI.Shop &#8902;<\/title>\n<meta name=\"description\" content=\"Haben Sie sich jemals gefragt, welche Magie hinter den Kulissen ber\u00fchmter Modeh\u00e4user steckt? Wie sieht es mit der Geschichte ihres Aufstiegs aus? Wenn ja, dann begleiten Sie uns auf dieser spannenden Reise durch die bemerkenswerte Geschichte des Modehauses Givenchy.\" \/>\n<meta name=\"robots\" content=\"index, follow, max-snippet:-1, max-image-preview:large, max-video-preview:-1\" \/>\n<link rel=\"canonical\" href=\"https:\/\/dari.shop\/de\/geschichte-der-modehaeuser-givenchy\/\" \/>\n<meta property=\"og:locale\" content=\"de_DE\" \/>\n<meta property=\"og:type\" content=\"article\" \/>\n<meta property=\"og:title\" content=\"Geschichte der Modeh\u00e4user: Givenchy\" \/>\n<meta property=\"og:description\" content=\"Haben Sie sich jemals gefragt, welche Magie hinter den Kulissen ber\u00fchmter Modeh\u00e4user steckt? Wie sieht es mit der Geschichte ihres Aufstiegs aus? Wenn ja, dann begleiten Sie uns auf dieser spannenden Reise durch die bemerkenswerte Geschichte des Modehauses Givenchy.\" \/>\n<meta property=\"og:url\" content=\"https:\/\/dari.shop\/de\/geschichte-der-modehaeuser-givenchy\/\" \/>\n<meta property=\"og:site_name\" content=\"DARI.Shop\" \/>\n<meta property=\"article:published_time\" content=\"2023-06-26T22:17:26+00:00\" \/>\n<meta property=\"article:modified_time\" content=\"2024-06-13T19:36:30+00:00\" \/>\n<meta property=\"og:image\" content=\"https:\/\/dari.shop\/wp-content\/uploads\/2023\/06\/hubert-de-givenchy.webp\" \/>\n<meta name=\"author\" content=\"admin\" \/>\n<meta name=\"twitter:card\" content=\"summary_large_image\" \/>\n<meta name=\"twitter:label1\" content=\"Verfasst von\" \/>\n\t<meta name=\"twitter:data1\" content=\"admin\" \/>\n\t<meta name=\"twitter:label2\" content=\"Gesch\u00e4tzte Lesezeit\" \/>\n\t<meta name=\"twitter:data2\" content=\"3\u00a0Minuten\" \/>\n<script type=\"application\/ld+json\" class=\"yoast-schema-graph\">{\"@context\":\"https:\\\/\\\/schema.org\",\"@graph\":[{\"@type\":\"Article\",\"@id\":\"https:\\\/\\\/dari.shop\\\/de\\\/geschichte-der-modehaeuser-givenchy\\\/#article\",\"isPartOf\":{\"@id\":\"https:\\\/\\\/dari.shop\\\/de\\\/geschichte-der-modehaeuser-givenchy\\\/\"},\"author\":{\"name\":\"admin\",\"@id\":\"https:\\\/\\\/dari.shop\\\/#\\\/schema\\\/person\\\/58b8219a6f0b0516724d60622778fe94\"},\"headline\":\"Geschichte der Modeh\u00e4user: Givenchy\",\"datePublished\":\"2023-06-26T22:17:26+00:00\",\"dateModified\":\"2024-06-13T19:36:30+00:00\",\"mainEntityOfPage\":{\"@id\":\"https:\\\/\\\/dari.shop\\\/de\\\/geschichte-der-modehaeuser-givenchy\\\/\"},\"wordCount\":511,\"commentCount\":0,\"publisher\":{\"@id\":\"https:\\\/\\\/dari.shop\\\/#organization\"},\"image\":{\"@id\":\"https:\\\/\\\/dari.shop\\\/de\\\/geschichte-der-modehaeuser-givenchy\\\/#primaryimage\"},\"thumbnailUrl\":\"https:\\\/\\\/dari.shop\\\/wp-content\\\/uploads\\\/2023\\\/06\\\/hubert-de-givenchy.webp\",\"articleSection\":[\"Tipps zum Einkaufen\"],\"inLanguage\":\"de\",\"potentialAction\":[{\"@type\":\"CommentAction\",\"name\":\"Comment\",\"target\":[\"https:\\\/\\\/dari.shop\\\/de\\\/geschichte-der-modehaeuser-givenchy\\\/#respond\"]}]},{\"@type\":\"WebPage\",\"@id\":\"https:\\\/\\\/dari.shop\\\/de\\\/geschichte-der-modehaeuser-givenchy\\\/\",\"url\":\"https:\\\/\\\/dari.shop\\\/de\\\/geschichte-der-modehaeuser-givenchy\\\/\",\"name\":\"Geschichte der Modeh\u00e4user: Givenchy &#8902; DARI.Shop &#8902;\",\"isPartOf\":{\"@id\":\"https:\\\/\\\/dari.shop\\\/#website\"},\"primaryImageOfPage\":{\"@id\":\"https:\\\/\\\/dari.shop\\\/de\\\/geschichte-der-modehaeuser-givenchy\\\/#primaryimage\"},\"image\":{\"@id\":\"https:\\\/\\\/dari.shop\\\/de\\\/geschichte-der-modehaeuser-givenchy\\\/#primaryimage\"},\"thumbnailUrl\":\"https:\\\/\\\/dari.shop\\\/wp-content\\\/uploads\\\/2023\\\/06\\\/hubert-de-givenchy.webp\",\"datePublished\":\"2023-06-26T22:17:26+00:00\",\"dateModified\":\"2024-06-13T19:36:30+00:00\",\"description\":\"Haben Sie sich jemals gefragt, welche Magie hinter den Kulissen ber\u00fchmter Modeh\u00e4user steckt? Wie sieht es mit der Geschichte ihres Aufstiegs aus? Wenn ja, dann begleiten Sie uns auf dieser spannenden Reise durch die bemerkenswerte Geschichte des Modehauses Givenchy.\",\"breadcrumb\":{\"@id\":\"https:\\\/\\\/dari.shop\\\/de\\\/geschichte-der-modehaeuser-givenchy\\\/#breadcrumb\"},\"inLanguage\":\"de\",\"potentialAction\":[{\"@type\":\"ReadAction\",\"target\":[\"https:\\\/\\\/dari.shop\\\/de\\\/geschichte-der-modehaeuser-givenchy\\\/\"]}]},{\"@type\":\"ImageObject\",\"inLanguage\":\"de\",\"@id\":\"https:\\\/\\\/dari.shop\\\/de\\\/geschichte-der-modehaeuser-givenchy\\\/#primaryimage\",\"url\":\"https:\\\/\\\/dari.shop\\\/wp-content\\\/uploads\\\/2023\\\/06\\\/hubert-de-givenchy.webp\",\"contentUrl\":\"https:\\\/\\\/dari.shop\\\/wp-content\\\/uploads\\\/2023\\\/06\\\/hubert-de-givenchy.webp\"},{\"@type\":\"BreadcrumbList\",\"@id\":\"https:\\\/\\\/dari.shop\\\/de\\\/geschichte-der-modehaeuser-givenchy\\\/#breadcrumb\",\"itemListElement\":[{\"@type\":\"ListItem\",\"position\":1,\"name\":\"Homepage\",\"item\":\"https:\\\/\\\/dari.shop\\\/de\\\/inspiration\\\/\"},{\"@type\":\"ListItem\",\"position\":2,\"name\":\"Lebensstil\",\"item\":\"https:\\\/\\\/dari.shop\\\/de\\\/lebensstil\\\/\"},{\"@type\":\"ListItem\",\"position\":3,\"name\":\"Geschichte der Modeh\u00e4user: Givenchy\"}]},{\"@type\":\"WebSite\",\"@id\":\"https:\\\/\\\/dari.shop\\\/#website\",\"url\":\"https:\\\/\\\/dari.shop\\\/\",\"name\":\"DARI.Shop\",\"description\":\"DARI.Shop. It starts with curiosity...\",\"publisher\":{\"@id\":\"https:\\\/\\\/dari.shop\\\/#organization\"},\"alternateName\":\"Dari Fashion Hub\",\"potentialAction\":[{\"@type\":\"SearchAction\",\"target\":{\"@type\":\"EntryPoint\",\"urlTemplate\":\"https:\\\/\\\/dari.shop\\\/?s={search_term_string}\"},\"query-input\":{\"@type\":\"PropertyValueSpecification\",\"valueRequired\":true,\"valueName\":\"search_term_string\"}}],\"inLanguage\":\"de\"},{\"@type\":\"Organization\",\"@id\":\"https:\\\/\\\/dari.shop\\\/#organization\",\"name\":\"DARI.Shop\",\"alternateName\":\"Dari Fashion Hub\",\"url\":\"https:\\\/\\\/dari.shop\\\/\",\"logo\":{\"@type\":\"ImageObject\",\"inLanguage\":\"de\",\"@id\":\"https:\\\/\\\/dari.shop\\\/#\\\/schema\\\/logo\\\/image\\\/\",\"url\":\"https:\\\/\\\/dari.shop\\\/wp-content\\\/uploads\\\/2018\\\/01\\\/logo-dari.shop_-1.gif\",\"contentUrl\":\"https:\\\/\\\/dari.shop\\\/wp-content\\\/uploads\\\/2018\\\/01\\\/logo-dari.shop_-1.gif\",\"width\":458,\"height\":107,\"caption\":\"DARI.Shop\"},\"image\":{\"@id\":\"https:\\\/\\\/dari.shop\\\/#\\\/schema\\\/logo\\\/image\\\/\"}},{\"@type\":\"Person\",\"@id\":\"https:\\\/\\\/dari.shop\\\/#\\\/schema\\\/person\\\/58b8219a6f0b0516724d60622778fe94\",\"name\":\"admin\",\"image\":{\"@type\":\"ImageObject\",\"inLanguage\":\"de\",\"@id\":\"https:\\\/\\\/secure.gravatar.com\\\/avatar\\\/58724829008ea0151e970b6e751571308f97e8892672a4eede1a675104b7c142?s=96&d=mm&r=g\",\"url\":\"https:\\\/\\\/secure.gravatar.com\\\/avatar\\\/58724829008ea0151e970b6e751571308f97e8892672a4eede1a675104b7c142?s=96&d=mm&r=g\",\"contentUrl\":\"https:\\\/\\\/secure.gravatar.com\\\/avatar\\\/58724829008ea0151e970b6e751571308f97e8892672a4eede1a675104b7c142?s=96&d=mm&r=g\",\"caption\":\"admin\"},\"sameAs\":[\"https:\\\/\\\/dari.shop\\\/\"],\"url\":\"https:\\\/\\\/dari.shop\\\/de\\\/author\\\/admin\\\/\"}]}<\/script>\n<!-- \/ Yoast SEO Premium plugin. -->","yoast_head_json":{"title":"Geschichte der Modeh\u00e4user: Givenchy &#8902; DARI.Shop &#8902;","description":"Haben Sie sich jemals gefragt, welche Magie hinter den Kulissen ber\u00fchmter Modeh\u00e4user steckt? Wie sieht es mit der Geschichte ihres Aufstiegs aus? Wenn ja, dann begleiten Sie uns auf dieser spannenden Reise durch die bemerkenswerte Geschichte des Modehauses Givenchy.","robots":{"index":"index","follow":"follow","max-snippet":"max-snippet:-1","max-image-preview":"max-image-preview:large","max-video-preview":"max-video-preview:-1"},"canonical":"https:\/\/dari.shop\/de\/geschichte-der-modehaeuser-givenchy\/","og_locale":"de_DE","og_type":"article","og_title":"Geschichte der Modeh\u00e4user: Givenchy","og_description":"Haben Sie sich jemals gefragt, welche Magie hinter den Kulissen ber\u00fchmter Modeh\u00e4user steckt? Wie sieht es mit der Geschichte ihres Aufstiegs aus? Wenn ja, dann begleiten Sie uns auf dieser spannenden Reise durch die bemerkenswerte Geschichte des Modehauses Givenchy.","og_url":"https:\/\/dari.shop\/de\/geschichte-der-modehaeuser-givenchy\/","og_site_name":"DARI.Shop","article_published_time":"2023-06-26T22:17:26+00:00","article_modified_time":"2024-06-13T19:36:30+00:00","og_image":[{"url":"https:\/\/dari.shop\/wp-content\/uploads\/2023\/06\/hubert-de-givenchy.webp","type":"","width":"","height":""}],"author":"admin","twitter_card":"summary_large_image","twitter_misc":{"Verfasst von":"admin","Gesch\u00e4tzte Lesezeit":"3\u00a0Minuten"},"schema":{"@context":"https:\/\/schema.org","@graph":[{"@type":"Article","@id":"https:\/\/dari.shop\/de\/geschichte-der-modehaeuser-givenchy\/#article","isPartOf":{"@id":"https:\/\/dari.shop\/de\/geschichte-der-modehaeuser-givenchy\/"},"author":{"name":"admin","@id":"https:\/\/dari.shop\/#\/schema\/person\/58b8219a6f0b0516724d60622778fe94"},"headline":"Geschichte der Modeh\u00e4user: Givenchy","datePublished":"2023-06-26T22:17:26+00:00","dateModified":"2024-06-13T19:36:30+00:00","mainEntityOfPage":{"@id":"https:\/\/dari.shop\/de\/geschichte-der-modehaeuser-givenchy\/"},"wordCount":511,"commentCount":0,"publisher":{"@id":"https:\/\/dari.shop\/#organization"},"image":{"@id":"https:\/\/dari.shop\/de\/geschichte-der-modehaeuser-givenchy\/#primaryimage"},"thumbnailUrl":"https:\/\/dari.shop\/wp-content\/uploads\/2023\/06\/hubert-de-givenchy.webp","articleSection":["Tipps zum Einkaufen"],"inLanguage":"de","potentialAction":[{"@type":"CommentAction","name":"Comment","target":["https:\/\/dari.shop\/de\/geschichte-der-modehaeuser-givenchy\/#respond"]}]},{"@type":"WebPage","@id":"https:\/\/dari.shop\/de\/geschichte-der-modehaeuser-givenchy\/","url":"https:\/\/dari.shop\/de\/geschichte-der-modehaeuser-givenchy\/","name":"Geschichte der Modeh\u00e4user: Givenchy &#8902; DARI.Shop &#8902;","isPartOf":{"@id":"https:\/\/dari.shop\/#website"},"primaryImageOfPage":{"@id":"https:\/\/dari.shop\/de\/geschichte-der-modehaeuser-givenchy\/#primaryimage"},"image":{"@id":"https:\/\/dari.shop\/de\/geschichte-der-modehaeuser-givenchy\/#primaryimage"},"thumbnailUrl":"https:\/\/dari.shop\/wp-content\/uploads\/2023\/06\/hubert-de-givenchy.webp","datePublished":"2023-06-26T22:17:26+00:00","dateModified":"2024-06-13T19:36:30+00:00","description":"Haben Sie sich jemals gefragt, welche Magie hinter den Kulissen ber\u00fchmter Modeh\u00e4user steckt? Wie sieht es mit der Geschichte ihres Aufstiegs aus? Wenn ja, dann begleiten Sie uns auf dieser spannenden Reise durch die bemerkenswerte Geschichte des Modehauses Givenchy.","breadcrumb":{"@id":"https:\/\/dari.shop\/de\/geschichte-der-modehaeuser-givenchy\/#breadcrumb"},"inLanguage":"de","potentialAction":[{"@type":"ReadAction","target":["https:\/\/dari.shop\/de\/geschichte-der-modehaeuser-givenchy\/"]}]},{"@type":"ImageObject","inLanguage":"de","@id":"https:\/\/dari.shop\/de\/geschichte-der-modehaeuser-givenchy\/#primaryimage","url":"https:\/\/dari.shop\/wp-content\/uploads\/2023\/06\/hubert-de-givenchy.webp","contentUrl":"https:\/\/dari.shop\/wp-content\/uploads\/2023\/06\/hubert-de-givenchy.webp"},{"@type":"BreadcrumbList","@id":"https:\/\/dari.shop\/de\/geschichte-der-modehaeuser-givenchy\/#breadcrumb","itemListElement":[{"@type":"ListItem","position":1,"name":"Homepage","item":"https:\/\/dari.shop\/de\/inspiration\/"},{"@type":"ListItem","position":2,"name":"Lebensstil","item":"https:\/\/dari.shop\/de\/lebensstil\/"},{"@type":"ListItem","position":3,"name":"Geschichte der Modeh\u00e4user: Givenchy"}]},{"@type":"WebSite","@id":"https:\/\/dari.shop\/#website","url":"https:\/\/dari.shop\/","name":"DARI.Shop","description":"DARI.Shop. It starts with curiosity...","publisher":{"@id":"https:\/\/dari.shop\/#organization"},"alternateName":"Dari Fashion Hub","potentialAction":[{"@type":"SearchAction","target":{"@type":"EntryPoint","urlTemplate":"https:\/\/dari.shop\/?s={search_term_string}"},"query-input":{"@type":"PropertyValueSpecification","valueRequired":true,"valueName":"search_term_string"}}],"inLanguage":"de"},{"@type":"Organization","@id":"https:\/\/dari.shop\/#organization","name":"DARI.Shop","alternateName":"Dari Fashion Hub","url":"https:\/\/dari.shop\/","logo":{"@type":"ImageObject","inLanguage":"de","@id":"https:\/\/dari.shop\/#\/schema\/logo\/image\/","url":"https:\/\/dari.shop\/wp-content\/uploads\/2018\/01\/logo-dari.shop_-1.gif","contentUrl":"https:\/\/dari.shop\/wp-content\/uploads\/2018\/01\/logo-dari.shop_-1.gif","width":458,"height":107,"caption":"DARI.Shop"},"image":{"@id":"https:\/\/dari.shop\/#\/schema\/logo\/image\/"}},{"@type":"Person","@id":"https:\/\/dari.shop\/#\/schema\/person\/58b8219a6f0b0516724d60622778fe94","name":"admin","image":{"@type":"ImageObject","inLanguage":"de","@id":"https:\/\/secure.gravatar.com\/avatar\/58724829008ea0151e970b6e751571308f97e8892672a4eede1a675104b7c142?s=96&d=mm&r=g","url":"https:\/\/secure.gravatar.com\/avatar\/58724829008ea0151e970b6e751571308f97e8892672a4eede1a675104b7c142?s=96&d=mm&r=g","contentUrl":"https:\/\/secure.gravatar.com\/avatar\/58724829008ea0151e970b6e751571308f97e8892672a4eede1a675104b7c142?s=96&d=mm&r=g","caption":"admin"},"sameAs":["https:\/\/dari.shop\/"],"url":"https:\/\/dari.shop\/de\/author\/admin\/"}]}},"_links":{"self":[{"href":"https:\/\/dari.shop\/de\/wp-json\/wp\/v2\/posts\/32693","targetHints":{"allow":["GET"]}}],"collection":[{"href":"https:\/\/dari.shop\/de\/wp-json\/wp\/v2\/posts"}],"about":[{"href":"https:\/\/dari.shop\/de\/wp-json\/wp\/v2\/types\/post"}],"author":[{"embeddable":true,"href":"https:\/\/dari.shop\/de\/wp-json\/wp\/v2\/users\/1"}],"replies":[{"embeddable":true,"href":"https:\/\/dari.shop\/de\/wp-json\/wp\/v2\/comments?post=32693"}],"version-history":[{"count":1,"href":"https:\/\/dari.shop\/de\/wp-json\/wp\/v2\/posts\/32693\/revisions"}],"predecessor-version":[{"id":32694,"href":"https:\/\/dari.shop\/de\/wp-json\/wp\/v2\/posts\/32693\/revisions\/32694"}],"wp:attachment":[{"href":"https:\/\/dari.shop\/de\/wp-json\/wp\/v2\/media?parent=32693"}],"wp:term":[{"taxonomy":"category","embeddable":true,"href":"https:\/\/dari.shop\/de\/wp-json\/wp\/v2\/categories?post=32693"},{"taxonomy":"post_tag","embeddable":true,"href":"https:\/\/dari.shop\/de\/wp-json\/wp\/v2\/tags?post=32693"}],"curies":[{"name":"wp","href":"https:\/\/api.w.org\/{rel}","templated":true}]}}